{"id":908,"date":"2026-09-01T13:50:05","date_gmt":"2026-09-01T16:50:05","guid":{"rendered":"https:\/\/assomes.com.br\/?p=908"},"modified":"2026-09-01T13:53:30","modified_gmt":"2026-09-01T16:53:30","slug":"assomes-cumprimenta-a-chapa-07-pela-vitoria-nas-eleicoes-da-aspra-es","status":"publish","type":"post","link":"https:\/\/assomes.com.br\/?p=908","title":{"rendered":"ASSOMES cumprimenta a Chapa 07 pela vit\u00f3ria nas elei\u00e7\u00f5es da ASPRA-ES"},"content":{"rendered":"\n<p class=\"wp-block-paragraph\">A ASSOMES \u2013 Associa\u00e7\u00e3o dos Oficiais Militares do Esp\u00edrito Santo vem, publicamente, cumprimentar o Sargento Leonardo e os integrantes da Chapa 07 pela vit\u00f3ria no pleito eleitoral da ASPRA-ES, realizado em 31 de agosto de 2026.<\/p>\n\n\n\n<p class=\"wp-block-paragraph\">A ASSOMES reconhece a import\u00e2ncia do processo democr\u00e1tico e deseja \u00e0 nova gest\u00e3o \u00eaxito, equil\u00edbrio e firmeza na condu\u00e7\u00e3o da entidade e na representa\u00e7\u00e3o de seus associados.<\/p>\n\n\n\n<p class=\"wp-block-paragraph\">Reafirmamos nossa disposi\u00e7\u00e3o para o di\u00e1logo institucional, a uni\u00e3o e o fortalecimento das entidades representativas dos militares estaduais, em defesa da valoriza\u00e7\u00e3o profissional e do aprimoramento da seguran\u00e7a p\u00fablica no Esp\u00edrito Santo.<\/p>\n\n\n\n<p class=\"wp-block-paragraph\">\u00c0 Chapa 07, nossos cumprimentos e votos de uma gest\u00e3o prof\u00edcua e exitosa.<\/p>\n\n\n\n<p class=\"wp-block-paragraph\"><strong>ASSOMES \u2013 Associa\u00e7\u00e3o dos Oficiais Militares do Esp\u00edrito Santo<\/strong><\/p>\n","protected":false},"excerpt":{"rendered":"<p>A ASSOMES \u2013 Associa\u00e7\u00e3o dos Oficiais Militares do Esp\u00edrito Santo vem, publicamente, cumprimentar o Sargento Leonardo e os integrantes da Chapa 07 pela vit\u00f3ria no pleito eleitoral da ASPRA-ES, realizado em 31 de agosto de 2026. A ASSOMES reconhece a import\u00e2ncia do processo democr\u00e1tico e deseja \u00e0 nova gest\u00e3o \u00eaxito, equil\u00edbrio e firmeza na condu\u00e7\u00e3o [&hellip;]<\/p>\n","protected":false},"author":3,"featured_media":911,"comment_status":"open","ping_status":"open","sticky":false,"template":"","format":"standard","meta":{"_acf_changed":false,"_joinchat":[],"footnotes":""},"categories":[2],"tags":[],"class_list":["post-908","post","type-post","status-publish","format-standard","has-post-thumbnail","hentry","category-noticias"],"acf":[],"_links":{"self":[{"href":"https:\/\/assomes.com.br\/index.php?rest_route=\/wp\/v2\/posts\/908","targetHints":{"allow":["GET"]}}],"collection":[{"href":"https:\/\/assomes.com.br\/index.php?rest_route=\/wp\/v2\/posts"}],"about":[{"href":"https:\/\/assomes.com.br\/index.php?rest_route=\/wp\/v2\/types\/post"}],"author":[{"embeddable":true,"href":"https:\/\/assomes.com.br\/index.php?rest_route=\/wp\/v2\/users\/3"}],"replies":[{"embeddable":true,"href":"https:\/\/assomes.com.br\/index.php?rest_route=%2Fwp%2Fv2%2Fcomments&post=908"}],"version-history":[{"count":1,"href":"https:\/\/assomes.com.br\/index.php?rest_route=\/wp\/v2\/posts\/908\/revisions"}],"predecessor-version":[{"id":910,"href":"https:\/\/assomes.com.br\/index.php?rest_route=\/wp\/v2\/posts\/908\/revisions\/910"}],"wp:featuredmedia":[{"embeddable":true,"href":"https:\/\/assomes.com.br\/index.php?rest_route=\/wp\/v2\/media\/911"}],"wp:attachment":[{"href":"https:\/\/assomes.com.br\/index.php?rest_route=%2Fwp%2Fv2%2Fmedia&parent=908"}],"wp:term":[{"taxonomy":"category","embeddable":true,"href":"https:\/\/assomes.com.br\/index.php?rest_route=%2Fwp%2Fv2%2Fcategories&post=908"},{"taxonomy":"post_tag","embeddable":true,"href":"https:\/\/assomes.com.br\/index.php?rest_route=%2Fwp%2Fv2%2Ftags&post=908"}],"curies":[{"name":"wp","href":"https:\/\/api.w.org\/{rel}","templated":true}]}}